{"id":41377,"date":"2023-10-16T16:08:04","date_gmt":"2023-10-16T14:08:04","guid":{"rendered":"https:\/\/maisondupain.alsace\/?p=41377"},"modified":"2024-02-02T09:27:34","modified_gmt":"2024-02-02T08:27:34","slug":"open-house-sunday-december-10-2023","status":"publish","type":"post","link":"https:\/\/maisondupain.alsace\/en\/open-house-sunday-december-10-2023\/","title":{"rendered":"OPEN HOUSE Sunday, December 10, 2023"},"content":{"rendered":"<p>Sonntag, 10. Dezember 2023, von 9:00 bis 18:00 Uhr<\/p>\n<p><strong>Tag der offenen T\u00fcr<\/strong><\/p>\n<p><strong>Weihnachtsb\u00e4ckerei und Museum<br \/>\n<\/strong>Entdecken Sie unser Museum, das der Geschichte von Weizen, Mehl und Brot gewidmet ist. Schlendern Sie durch die drei Etagen unseres Hauses, das dieser fabelhaften Brotgeschichte gewidmet ist. Der Tag wird von Vorf\u00fchrungen (Bredele, Stollen, Berawecka&#8230;) und Verkostungen gepr\u00e4gt sein.<\/p>\n<p>Kostenlose und selbstgef\u00fchrte Tour.<\/p>\n","protected":false},"excerpt":{"rendered":"<p>Sonntag, 10. Dezember 2023, von 9:00 bis 18:00 Uhr Tag der offenen T\u00fcr Weihnachtsb\u00e4ckerei und Museum Entdecken Sie unser Museum, das der Geschichte von Weizen, Mehl und Brot gewidmet ist. [&hellip;]<\/p>\n","protected":false},"author":3,"featured_media":41408,"comment_status":"open","ping_status":"closed","sticky":false,"template":"","format":"standard","meta":{"_acf_changed":false,"_et_pb_use_builder":"","_et_pb_old_content":"","_et_gb_content_width":"","_jetpack_memberships_contains_paid_content":false,"footnotes":""},"categories":[12],"tags":[],"class_list":["post-41377","post","type-post","status-publish","format-standard","has-post-thumbnail","hentry","category-uncategorized"],"acf":[],"yoast_head":"<!-- This site is optimized with the Yoast SEO plugin v25.6 - https:\/\/yoast.com\/wordpress\/plugins\/seo\/ -->\n<title>OPEN HOUSE Sunday, December 10, 2023 - Maison du Pain d&#039;Alsace<\/title>\n<meta name=\"robots\" content=\"index, follow, max-snippet:-1, max-image-preview:large, max-video-preview:-1\" \/>\n<link rel=\"canonical\" href=\"https:\/\/maisondupain.alsace\/portes-ouvertes-dimanche-10-decembre-2023\/\" \/>\n<meta property=\"og:locale\" content=\"en_US\" \/>\n<meta property=\"og:type\" content=\"article\" \/>\n<meta property=\"og:title\" content=\"OPEN HOUSE Sunday, December 10, 2023 - Maison du Pain d&#039;Alsace\" \/>\n<meta property=\"og:description\" content=\"Sonntag, 10. Dezember 2023, von 9:00 bis 18:00 Uhr Tag der offenen T\u00fcr Weihnachtsb\u00e4ckerei und Museum Entdecken Sie unser Museum, das der Geschichte von Weizen, Mehl und Brot gewidmet ist. [&hellip;]\" \/>\n<meta property=\"og:url\" content=\"https:\/\/maisondupain.alsace\/portes-ouvertes-dimanche-10-decembre-2023\/\" \/>\n<meta property=\"og:site_name\" content=\"Maison du Pain d&#039;Alsace\" \/>\n<meta property=\"article:published_time\" content=\"2023-10-16T14:08:04+00:00\" \/>\n<meta property=\"article:modified_time\" content=\"2024-02-02T08:27:34+00:00\" \/>\n<meta property=\"og:image\" content=\"https:\/\/maisondupain.alsace\/wp-content\/uploads\/2024\/02\/le-pain-toute-une-histoire-la-maison-du-pain-dalsace.jpg\" \/>\n\t<meta property=\"og:image:width\" content=\"900\" \/>\n\t<meta property=\"og:image:height\" content=\"600\" \/>\n\t<meta property=\"og:image:type\" content=\"image\/jpeg\" \/>\n<meta name=\"author\" content=\"mdp\" \/>\n<meta name=\"twitter:card\" content=\"summary_large_image\" \/>\n<meta name=\"twitter:label1\" content=\"Written by\" \/>\n\t<meta name=\"twitter:data1\" content=\"mdp\" \/>\n<script type=\"application\/ld+json\" class=\"yoast-schema-graph\">{\"@context\":\"https:\/\/schema.org\",\"@graph\":[{\"@type\":\"WebPage\",\"@id\":\"https:\/\/maisondupain.alsace\/portes-ouvertes-dimanche-10-decembre-2023\/\",\"url\":\"https:\/\/maisondupain.alsace\/portes-ouvertes-dimanche-10-decembre-2023\/\",\"name\":\"OPEN HOUSE Sunday, December 10, 2023 - Maison du Pain d&#039;Alsace\",\"isPartOf\":{\"@id\":\"https:\/\/maisondupain.alsace\/#website\"},\"primaryImageOfPage\":{\"@id\":\"https:\/\/maisondupain.alsace\/portes-ouvertes-dimanche-10-decembre-2023\/#primaryimage\"},\"image\":{\"@id\":\"https:\/\/maisondupain.alsace\/portes-ouvertes-dimanche-10-decembre-2023\/#primaryimage\"},\"thumbnailUrl\":\"https:\/\/maisondupain.alsace\/wp-content\/uploads\/2024\/02\/le-pain-toute-une-histoire-la-maison-du-pain-dalsace.jpg\",\"datePublished\":\"2023-10-16T14:08:04+00:00\",\"dateModified\":\"2024-02-02T08:27:34+00:00\",\"author\":{\"@id\":\"https:\/\/maisondupain.alsace\/#\/schema\/person\/c900eff41683fff09950f85356f36bae\"},\"breadcrumb\":{\"@id\":\"https:\/\/maisondupain.alsace\/portes-ouvertes-dimanche-10-decembre-2023\/#breadcrumb\"},\"inLanguage\":\"en-US\",\"potentialAction\":[{\"@type\":\"ReadAction\",\"target\":[\"https:\/\/maisondupain.alsace\/portes-ouvertes-dimanche-10-decembre-2023\/\"]}]},{\"@type\":\"ImageObject\",\"inLanguage\":\"en-US\",\"@id\":\"https:\/\/maisondupain.alsace\/portes-ouvertes-dimanche-10-decembre-2023\/#primaryimage\",\"url\":\"https:\/\/maisondupain.alsace\/wp-content\/uploads\/2024\/02\/le-pain-toute-une-histoire-la-maison-du-pain-dalsace.jpg\",\"contentUrl\":\"https:\/\/maisondupain.alsace\/wp-content\/uploads\/2024\/02\/le-pain-toute-une-histoire-la-maison-du-pain-dalsace.jpg\",\"width\":900,\"height\":600,\"caption\":\"Photographie du 3\u1d49 \u00e9tage du mus\u00e9e de la Maison du Pain d'Alsace\"},{\"@type\":\"BreadcrumbList\",\"@id\":\"https:\/\/maisondupain.alsace\/portes-ouvertes-dimanche-10-decembre-2023\/#breadcrumb\",\"itemListElement\":[{\"@type\":\"ListItem\",\"position\":1,\"name\":\"Accueil\",\"item\":\"https:\/\/maisondupain.alsace\/en\/\"},{\"@type\":\"ListItem\",\"position\":2,\"name\":\"OPEN HOUSE Sunday, December 10, 2023\"}]},{\"@type\":\"WebSite\",\"@id\":\"https:\/\/maisondupain.alsace\/#website\",\"url\":\"https:\/\/maisondupain.alsace\/\",\"name\":\"Maison du Pain d&#039;Alsace\",\"description\":\"Mus\u00e9e et Fournil \u00e0 S\u00e9lestat, au centre de l&#039;Alsace\",\"potentialAction\":[{\"@type\":\"SearchAction\",\"target\":{\"@type\":\"EntryPoint\",\"urlTemplate\":\"https:\/\/maisondupain.alsace\/?s={search_term_string}\"},\"query-input\":{\"@type\":\"PropertyValueSpecification\",\"valueRequired\":true,\"valueName\":\"search_term_string\"}}],\"inLanguage\":\"en-US\"},{\"@type\":\"Person\",\"@id\":\"https:\/\/maisondupain.alsace\/#\/schema\/person\/c900eff41683fff09950f85356f36bae\",\"name\":\"mdp\",\"image\":{\"@type\":\"ImageObject\",\"inLanguage\":\"en-US\",\"@id\":\"https:\/\/maisondupain.alsace\/#\/schema\/person\/image\/\",\"url\":\"https:\/\/secure.gravatar.com\/avatar\/66424f059cd36f3914b038318c57e84f7d86af7ae2c96414e760ee55e86b117e?s=96&d=mm&r=g\",\"contentUrl\":\"https:\/\/secure.gravatar.com\/avatar\/66424f059cd36f3914b038318c57e84f7d86af7ae2c96414e760ee55e86b117e?s=96&d=mm&r=g\",\"caption\":\"mdp\"}}]}<\/script>\n<!-- \/ Yoast SEO plugin. -->","yoast_head_json":{"title":"OPEN HOUSE Sunday, December 10, 2023 - Maison du Pain d&#039;Alsace","robots":{"index":"index","follow":"follow","max-snippet":"max-snippet:-1","max-image-preview":"max-image-preview:large","max-video-preview":"max-video-preview:-1"},"canonical":"https:\/\/maisondupain.alsace\/portes-ouvertes-dimanche-10-decembre-2023\/","og_locale":"en_US","og_type":"article","og_title":"OPEN HOUSE Sunday, December 10, 2023 - Maison du Pain d&#039;Alsace","og_description":"Sonntag, 10. Dezember 2023, von 9:00 bis 18:00 Uhr Tag der offenen T\u00fcr Weihnachtsb\u00e4ckerei und Museum Entdecken Sie unser Museum, das der Geschichte von Weizen, Mehl und Brot gewidmet ist. [&hellip;]","og_url":"https:\/\/maisondupain.alsace\/portes-ouvertes-dimanche-10-decembre-2023\/","og_site_name":"Maison du Pain d&#039;Alsace","article_published_time":"2023-10-16T14:08:04+00:00","article_modified_time":"2024-02-02T08:27:34+00:00","og_image":[{"width":900,"height":600,"url":"https:\/\/maisondupain.alsace\/wp-content\/uploads\/2024\/02\/le-pain-toute-une-histoire-la-maison-du-pain-dalsace.jpg","type":"image\/jpeg"}],"author":"mdp","twitter_card":"summary_large_image","twitter_misc":{"Written by":"mdp"},"schema":{"@context":"https:\/\/schema.org","@graph":[{"@type":"WebPage","@id":"https:\/\/maisondupain.alsace\/portes-ouvertes-dimanche-10-decembre-2023\/","url":"https:\/\/maisondupain.alsace\/portes-ouvertes-dimanche-10-decembre-2023\/","name":"OPEN HOUSE Sunday, December 10, 2023 - Maison du Pain d&#039;Alsace","isPartOf":{"@id":"https:\/\/maisondupain.alsace\/#website"},"primaryImageOfPage":{"@id":"https:\/\/maisondupain.alsace\/portes-ouvertes-dimanche-10-decembre-2023\/#primaryimage"},"image":{"@id":"https:\/\/maisondupain.alsace\/portes-ouvertes-dimanche-10-decembre-2023\/#primaryimage"},"thumbnailUrl":"https:\/\/maisondupain.alsace\/wp-content\/uploads\/2024\/02\/le-pain-toute-une-histoire-la-maison-du-pain-dalsace.jpg","datePublished":"2023-10-16T14:08:04+00:00","dateModified":"2024-02-02T08:27:34+00:00","author":{"@id":"https:\/\/maisondupain.alsace\/#\/schema\/person\/c900eff41683fff09950f85356f36bae"},"breadcrumb":{"@id":"https:\/\/maisondupain.alsace\/portes-ouvertes-dimanche-10-decembre-2023\/#breadcrumb"},"inLanguage":"en-US","potentialAction":[{"@type":"ReadAction","target":["https:\/\/maisondupain.alsace\/portes-ouvertes-dimanche-10-decembre-2023\/"]}]},{"@type":"ImageObject","inLanguage":"en-US","@id":"https:\/\/maisondupain.alsace\/portes-ouvertes-dimanche-10-decembre-2023\/#primaryimage","url":"https:\/\/maisondupain.alsace\/wp-content\/uploads\/2024\/02\/le-pain-toute-une-histoire-la-maison-du-pain-dalsace.jpg","contentUrl":"https:\/\/maisondupain.alsace\/wp-content\/uploads\/2024\/02\/le-pain-toute-une-histoire-la-maison-du-pain-dalsace.jpg","width":900,"height":600,"caption":"Photographie du 3\u1d49 \u00e9tage du mus\u00e9e de la Maison du Pain d'Alsace"},{"@type":"BreadcrumbList","@id":"https:\/\/maisondupain.alsace\/portes-ouvertes-dimanche-10-decembre-2023\/#breadcrumb","itemListElement":[{"@type":"ListItem","position":1,"name":"Accueil","item":"https:\/\/maisondupain.alsace\/en\/"},{"@type":"ListItem","position":2,"name":"OPEN HOUSE Sunday, December 10, 2023"}]},{"@type":"WebSite","@id":"https:\/\/maisondupain.alsace\/#website","url":"https:\/\/maisondupain.alsace\/","name":"Maison du Pain d&#039;Alsace","description":"Mus\u00e9e et Fournil \u00e0 S\u00e9lestat, au centre de l&#039;Alsace","potentialAction":[{"@type":"SearchAction","target":{"@type":"EntryPoint","urlTemplate":"https:\/\/maisondupain.alsace\/?s={search_term_string}"},"query-input":{"@type":"PropertyValueSpecification","valueRequired":true,"valueName":"search_term_string"}}],"inLanguage":"en-US"},{"@type":"Person","@id":"https:\/\/maisondupain.alsace\/#\/schema\/person\/c900eff41683fff09950f85356f36bae","name":"mdp","image":{"@type":"ImageObject","inLanguage":"en-US","@id":"https:\/\/maisondupain.alsace\/#\/schema\/person\/image\/","url":"https:\/\/secure.gravatar.com\/avatar\/66424f059cd36f3914b038318c57e84f7d86af7ae2c96414e760ee55e86b117e?s=96&d=mm&r=g","contentUrl":"https:\/\/secure.gravatar.com\/avatar\/66424f059cd36f3914b038318c57e84f7d86af7ae2c96414e760ee55e86b117e?s=96&d=mm&r=g","caption":"mdp"}}]}},"jetpack_featured_media_url":"https:\/\/maisondupain.alsace\/wp-content\/uploads\/2024\/02\/le-pain-toute-une-histoire-la-maison-du-pain-dalsace.jpg","jetpack_shortlink":"https:\/\/wp.me\/p9V72B-aLn","jetpack_sharing_enabled":true,"_links":{"self":[{"href":"https:\/\/maisondupain.alsace\/en\/wp-json\/wp\/v2\/posts\/41377","targetHints":{"allow":["GET"]}}],"collection":[{"href":"https:\/\/maisondupain.alsace\/en\/wp-json\/wp\/v2\/posts"}],"about":[{"href":"https:\/\/maisondupain.alsace\/en\/wp-json\/wp\/v2\/types\/post"}],"author":[{"embeddable":true,"href":"https:\/\/maisondupain.alsace\/en\/wp-json\/wp\/v2\/users\/3"}],"replies":[{"embeddable":true,"href":"https:\/\/maisondupain.alsace\/en\/wp-json\/wp\/v2\/comments?post=41377"}],"version-history":[{"count":0,"href":"https:\/\/maisondupain.alsace\/en\/wp-json\/wp\/v2\/posts\/41377\/revisions"}],"wp:featuredmedia":[{"embeddable":true,"href":"https:\/\/maisondupain.alsace\/en\/wp-json\/wp\/v2\/media\/41408"}],"wp:attachment":[{"href":"https:\/\/maisondupain.alsace\/en\/wp-json\/wp\/v2\/media?parent=41377"}],"wp:term":[{"taxonomy":"category","embeddable":true,"href":"https:\/\/maisondupain.alsace\/en\/wp-json\/wp\/v2\/categories?post=41377"},{"taxonomy":"post_tag","embeddable":true,"href":"https:\/\/maisondupain.alsace\/en\/wp-json\/wp\/v2\/tags?post=41377"}],"curies":[{"name":"wp","href":"https:\/\/api.w.org\/{rel}","templated":true}]}}